{"id":1964,"date":"2023-04-19T12:13:07","date_gmt":"2023-04-19T10:13:07","guid":{"rendered":"https:\/\/maderas-holztechnik.de\/?p=1964"},"modified":"2023-04-19T12:16:09","modified_gmt":"2023-04-19T10:16:09","slug":"neues-nest-auf-dem-gelaende-der-firma-maderas-bewohnt","status":"publish","type":"post","link":"https:\/\/maderas-holztechnik.de\/en\/storchenpaar\/neues-nest-auf-dem-gelaende-der-firma-maderas-bewohnt\/","title":{"rendered":"Maderas welcomes new nest on company premises"},"content":{"rendered":"<figure class=\"wp-block-image alignleft size-large is-resized\"><img fetchpriority=\"high\" decoding=\"async\" src=\"https:\/\/maderas-holztechnik.de\/wp-content\/uploads\/2023\/04\/Stoerchin-April-1-1024x636.png\" alt=\"\" class=\"wp-image-1965\" width=\"512\" height=\"318\" srcset=\"https:\/\/maderas-holztechnik.de\/wp-content\/uploads\/2023\/04\/Stoerchin-April-1-1024x636.png 1024w, https:\/\/maderas-holztechnik.de\/wp-content\/uploads\/2023\/04\/Stoerchin-April-1-300x186.png 300w, https:\/\/maderas-holztechnik.de\/wp-content\/uploads\/2023\/04\/Stoerchin-April-1-768x477.png 768w, https:\/\/maderas-holztechnik.de\/wp-content\/uploads\/2023\/04\/Stoerchin-April-1-18x12.png 18w, https:\/\/maderas-holztechnik.de\/wp-content\/uploads\/2023\/04\/Stoerchin-April-1.png 1143w\" sizes=\"(max-width: 512px) 100vw, 512px\" \/><\/figure>\n\n\n\n<h2 class=\"wp-block-heading\">Ovenhausen looks forward to the arrival of the next generation after female stork moves in<\/h2>\n\n\n\n<p>H\u00f6xter-Ovenhausen, Germany. To the great delight of everyone in Ovenhausen, a second stork has moved in to the new nest on Maderas Holztechnik\u2019s company premises. \u201cNow the breeding season can begin,\u201d says Managing Director Ralf L\u00fcke, sharing the delight of the local Friends of the Grube Storks group.<\/p>\n\n\n\n<div class=\"wp-block-buttons is-layout-flex wp-block-buttons-is-layout-flex\">\n<div class=\"wp-block-button\"><a class=\"wp-block-button__link wp-element-button\" href=\"https:\/\/www.westfalen-blatt.de\/owl\/kreis-hoexter\/hoexter\/storch-ovenhausen-brutsaison-storchenpaerchen-nest-2737426\" target=\"_blank\" rel=\"noreferrer noopener\">More Infos<\/a><\/div>\n<\/div>","protected":false},"excerpt":{"rendered":"<p>Ovenhausen freut sich nach Einzug der St\u00f6rchin auf Nachwuchs H\u00f6xter-Ovenhausen. Die Freude ist gro\u00df in Ovenhausen: Ins neue Nest \u00fcber dem Gel\u00e4nde der Firma Maderas Holztechnik ist der zweite Storch eingezogen. &#8222;Die Brutsaison kann also starten&#8220;, freuen sich Gesch\u00e4ftsf\u00fchrer Ralf L\u00fcke und der Freundeskreis Grubest\u00f6rche.<\/p>","protected":false},"author":1,"featured_media":1965,"comment_status":"closed","ping_status":"closed","sticky":false,"template":"","format":"standard","meta":{"_acf_changed":false,"footnotes":""},"categories":[9],"tags":[],"class_list":["post-1964","post","type-post","status-publish","format-standard","has-post-thumbnail","hentry","category-storchenpaar"],"acf":[],"_links":{"self":[{"href":"https:\/\/maderas-holztechnik.de\/en\/wp-json\/wp\/v2\/posts\/1964","targetHints":{"allow":["GET"]}}],"collection":[{"href":"https:\/\/maderas-holztechnik.de\/en\/wp-json\/wp\/v2\/posts"}],"about":[{"href":"https:\/\/maderas-holztechnik.de\/en\/wp-json\/wp\/v2\/types\/post"}],"author":[{"embeddable":true,"href":"https:\/\/maderas-holztechnik.de\/en\/wp-json\/wp\/v2\/users\/1"}],"replies":[{"embeddable":true,"href":"https:\/\/maderas-holztechnik.de\/en\/wp-json\/wp\/v2\/comments?post=1964"}],"version-history":[{"count":0,"href":"https:\/\/maderas-holztechnik.de\/en\/wp-json\/wp\/v2\/posts\/1964\/revisions"}],"wp:featuredmedia":[{"embeddable":true,"href":"https:\/\/maderas-holztechnik.de\/en\/wp-json\/wp\/v2\/media\/1965"}],"wp:attachment":[{"href":"https:\/\/maderas-holztechnik.de\/en\/wp-json\/wp\/v2\/media?parent=1964"}],"wp:term":[{"taxonomy":"category","embeddable":true,"href":"https:\/\/maderas-holztechnik.de\/en\/wp-json\/wp\/v2\/categories?post=1964"},{"taxonomy":"post_tag","embeddable":true,"href":"https:\/\/maderas-holztechnik.de\/en\/wp-json\/wp\/v2\/tags?post=1964"}],"curies":[{"name":"wp","href":"https:\/\/api.w.org\/{rel}","templated":true}]}}