{"id":2192,"date":"2024-02-06T12:52:28","date_gmt":"2024-02-06T11:52:28","guid":{"rendered":"https:\/\/maderas-holztechnik.de\/?p=2192"},"modified":"2024-02-06T12:53:49","modified_gmt":"2024-02-06T11:53:49","slug":"unser-weihnachtsgruss-2023","status":"publish","type":"post","link":"https:\/\/maderas-holztechnik.de\/en\/aktuelles\/unser-weihnachtsgruss-2023\/","title":{"rendered":"Unser Weihnachtsgru\u00df 2023"},"content":{"rendered":"<p>Liebe Kunden und Partner,<br>ein turbulentes und aufregendes Jahr neigt sich dem Ende!<br><br>Unsere Geb\u00e4ude sind mittlerweile wieder in Schuss, nachdem ein Tornado hier sein Unwesen trieb.<br>Sogar das ber\u00fchmte Storchennest auf unserem Hochschornstein wurde nicht verschont. Trotz dem hat<br>unser treues Storchenpaar den Weg zur\u00fcck nach Ovenhausen gefunden, und das hat uns richtig gefreut!<br>Sie geh\u00f6ren einfach zu Maderas wie der Leim zu unseren Holzprodukten.<br><br>Unsere Verbundenheit zur Natur zeigt sich nicht nur in unseren gefiederten Freunden, den St\u00f6rchen,<br>sondern durchzieht s\u00e4mtliche unserer Produkte. Bei Maderas setzen wir auf Best\u00e4ndigkeit und Nat\u00fcrlichkeit,<br>und das im perfekten Einklang von Mensch und Natur. Hier geht\u2018s nicht nur um Holz,<br>sondern um ein Lebensgef\u00fchl \u2013 nachhaltig und authentisch.<br><br>In Zeiten wie diesen ist es besonders wichtig, dass die Kleinen von uns gro\u00dfe Unterst\u00fctzung bekommen.<br>Deshalb haben wir die Kita Regenbogen in H\u00f6xter mit einer Geldspende und selbst gemachten<br>Kinderbaukl\u00f6tzen bedacht, statt uns mit aufwendigen Geschenken zu verzetteln. Denn manchmal sind<br>es gerade die kleinen Dinge, die Gro\u00dfes bewirken. Mit dieser Aktion wollen wir nicht nur Kindern<br>unter die Arme greifen, sondern auch unsere Region st\u00e4rken.<\/p>\n\n\n\n<figure class=\"wp-block-gallery has-nested-images columns-3 wp-block-gallery-1 is-layout-flex wp-block-gallery-is-layout-flex\">\n<figure class=\"wp-block-image size-large\"><img fetchpriority=\"high\" decoding=\"async\" width=\"1024\" height=\"681\" data-id=\"2193\" src=\"https:\/\/maderas-holztechnik.de\/wp-content\/uploads\/2024\/02\/Einrichtung-1024x681.jpg\" alt=\"\" class=\"wp-image-2193\" srcset=\"https:\/\/maderas-holztechnik.de\/wp-content\/uploads\/2024\/02\/Einrichtung-1024x681.jpg 1024w, https:\/\/maderas-holztechnik.de\/wp-content\/uploads\/2024\/02\/Einrichtung-300x200.jpg 300w, https:\/\/maderas-holztechnik.de\/wp-content\/uploads\/2024\/02\/Einrichtung-768x511.jpg 768w, https:\/\/maderas-holztechnik.de\/wp-content\/uploads\/2024\/02\/Einrichtung-18x12.jpg 18w, https:\/\/maderas-holztechnik.de\/wp-content\/uploads\/2024\/02\/Einrichtung.jpg 1300w\" sizes=\"(max-width: 1024px) 100vw, 1024px\" \/><\/figure>\n\n\n\n<figure class=\"wp-block-image size-large\"><img decoding=\"async\" width=\"2560\" height=\"1920\" data-id=\"2201\" src=\"https:\/\/maderas-holztechnik.de\/wp-content\/uploads\/2024\/02\/IMG_20231120_102644_BURST001_COVER-edited-1-scaled.jpg\" alt=\"\" class=\"wp-image-2201\" srcset=\"https:\/\/maderas-holztechnik.de\/wp-content\/uploads\/2024\/02\/IMG_20231120_102644_BURST001_COVER-edited-1-scaled.jpg 2560w, https:\/\/maderas-holztechnik.de\/wp-content\/uploads\/2024\/02\/IMG_20231120_102644_BURST001_COVER-edited-1-300x225.jpg 300w, https:\/\/maderas-holztechnik.de\/wp-content\/uploads\/2024\/02\/IMG_20231120_102644_BURST001_COVER-edited-1-1024x768.jpg 1024w, https:\/\/maderas-holztechnik.de\/wp-content\/uploads\/2024\/02\/IMG_20231120_102644_BURST001_COVER-edited-1-768x576.jpg 768w, https:\/\/maderas-holztechnik.de\/wp-content\/uploads\/2024\/02\/IMG_20231120_102644_BURST001_COVER-edited-1-1536x1152.jpg 1536w, https:\/\/maderas-holztechnik.de\/wp-content\/uploads\/2024\/02\/IMG_20231120_102644_BURST001_COVER-edited-1-2048x1536.jpg 2048w, https:\/\/maderas-holztechnik.de\/wp-content\/uploads\/2024\/02\/IMG_20231120_102644_BURST001_COVER-edited-1-16x12.jpg 16w\" sizes=\"(max-width: 2560px) 100vw, 2560px\" \/><\/figure>\n\n\n\n<figure class=\"wp-block-image size-large\"><img decoding=\"async\" width=\"2560\" height=\"1920\" data-id=\"2200\" src=\"https:\/\/maderas-holztechnik.de\/wp-content\/uploads\/2024\/02\/IMG_20231120_105905-edited-scaled.jpg\" alt=\"\" class=\"wp-image-2200\" srcset=\"https:\/\/maderas-holztechnik.de\/wp-content\/uploads\/2024\/02\/IMG_20231120_105905-edited-scaled.jpg 2560w, https:\/\/maderas-holztechnik.de\/wp-content\/uploads\/2024\/02\/IMG_20231120_105905-edited-300x225.jpg 300w, https:\/\/maderas-holztechnik.de\/wp-content\/uploads\/2024\/02\/IMG_20231120_105905-edited-1024x768.jpg 1024w, https:\/\/maderas-holztechnik.de\/wp-content\/uploads\/2024\/02\/IMG_20231120_105905-edited-768x576.jpg 768w, https:\/\/maderas-holztechnik.de\/wp-content\/uploads\/2024\/02\/IMG_20231120_105905-edited-1536x1152.jpg 1536w, https:\/\/maderas-holztechnik.de\/wp-content\/uploads\/2024\/02\/IMG_20231120_105905-edited-2048x1536.jpg 2048w, https:\/\/maderas-holztechnik.de\/wp-content\/uploads\/2024\/02\/IMG_20231120_105905-edited-16x12.jpg 16w\" sizes=\"(max-width: 2560px) 100vw, 2560px\" \/><\/figure>\n\n\n\n<figure class=\"wp-block-image size-large\"><img loading=\"lazy\" decoding=\"async\" width=\"1024\" height=\"768\" data-id=\"2196\" src=\"https:\/\/maderas-holztechnik.de\/wp-content\/uploads\/2024\/02\/IMG_20231123_124300-1024x768.jpg\" alt=\"\" class=\"wp-image-2196\" srcset=\"https:\/\/maderas-holztechnik.de\/wp-content\/uploads\/2024\/02\/IMG_20231123_124300-1024x768.jpg 1024w, https:\/\/maderas-holztechnik.de\/wp-content\/uploads\/2024\/02\/IMG_20231123_124300-300x225.jpg 300w, https:\/\/maderas-holztechnik.de\/wp-content\/uploads\/2024\/02\/IMG_20231123_124300-768x576.jpg 768w, https:\/\/maderas-holztechnik.de\/wp-content\/uploads\/2024\/02\/IMG_20231123_124300-1536x1152.jpg 1536w, https:\/\/maderas-holztechnik.de\/wp-content\/uploads\/2024\/02\/IMG_20231123_124300-2048x1536.jpg 2048w, https:\/\/maderas-holztechnik.de\/wp-content\/uploads\/2024\/02\/IMG_20231123_124300-16x12.jpg 16w\" sizes=\"(max-width: 1024px) 100vw, 1024px\" \/><\/figure>\n\n\n\n<figure class=\"wp-block-image size-large\"><img loading=\"lazy\" decoding=\"async\" width=\"1024\" height=\"682\" data-id=\"2197\" src=\"https:\/\/maderas-holztechnik.de\/wp-content\/uploads\/2024\/02\/Logo-1024x682.jpg\" alt=\"\" class=\"wp-image-2197\" srcset=\"https:\/\/maderas-holztechnik.de\/wp-content\/uploads\/2024\/02\/Logo-1024x682.jpg 1024w, https:\/\/maderas-holztechnik.de\/wp-content\/uploads\/2024\/02\/Logo-300x200.jpg 300w, https:\/\/maderas-holztechnik.de\/wp-content\/uploads\/2024\/02\/Logo-768x512.jpg 768w, https:\/\/maderas-holztechnik.de\/wp-content\/uploads\/2024\/02\/Logo-18x12.jpg 18w, https:\/\/maderas-holztechnik.de\/wp-content\/uploads\/2024\/02\/Logo.jpg 1298w\" sizes=\"(max-width: 1024px) 100vw, 1024px\" \/><\/figure>\n\n\n\n<figure class=\"wp-block-image size-large\"><img loading=\"lazy\" decoding=\"async\" width=\"415\" height=\"216\" data-id=\"2198\" src=\"https:\/\/maderas-holztechnik.de\/wp-content\/uploads\/2024\/02\/Schriftzug.jpg\" alt=\"\" class=\"wp-image-2198\" srcset=\"https:\/\/maderas-holztechnik.de\/wp-content\/uploads\/2024\/02\/Schriftzug.jpg 415w, https:\/\/maderas-holztechnik.de\/wp-content\/uploads\/2024\/02\/Schriftzug-300x156.jpg 300w, https:\/\/maderas-holztechnik.de\/wp-content\/uploads\/2024\/02\/Schriftzug-18x9.jpg 18w\" sizes=\"(max-width: 415px) 100vw, 415px\" \/><\/figure>\n<\/figure>\n\n\n\n<p><br><br>Ein riesiges Dankesch\u00f6n geht an Sie f\u00fcr die gro\u00dfartige Zusammenarbeit im Jahr 2023!<br>Wir w\u00fcnschen allen Feliz Navidad, Merry Christmas, Glaedelig Jul, Vrolijk Kerstfeest \u2013<br>und blicken voller Optimismus in die Zukunft!<br><br>Herzliche Gr\u00fc\u00dfe,<br>Ihr Team der Maderas GmbH<\/p>\n\n\n\n<div class=\"wp-block-file\"><a id=\"wp-block-file--media-005a74f6-8cfe-4ad7-90c8-2c6e9a013b11\" href=\"https:\/\/maderas-holztechnik.de\/wp-content\/uploads\/2024\/02\/Maderas-Weihnachtsgruss_DIN-A4_final.pdf\">Maderas Weihnachtsgru\u00df 2023<\/a><a href=\"https:\/\/maderas-holztechnik.de\/wp-content\/uploads\/2024\/02\/Maderas-Weihnachtsgruss_DIN-A4_final.pdf\" class=\"wp-block-file__button wp-element-button\" download aria-describedby=\"wp-block-file--media-005a74f6-8cfe-4ad7-90c8-2c6e9a013b11\">Download<\/a><\/div>","protected":false},"excerpt":{"rendered":"<p>Liebe Kunden und Partner,ein turbulentes und aufregendes Jahr neigt sich dem Ende! Unsere Geb\u00e4ude sind mittlerweile wieder in Schuss, nachdem ein Tornado hier sein Unwesen trieb.Sogar das ber\u00fchmte Storchennest auf unserem Hochschornstein wurde nicht verschont. Trotz dem hatunser treues Storchenpaar den Weg zur\u00fcck nach Ovenhausen gefunden, und das hat uns richtig gefreut!Sie geh\u00f6ren einfach zu [&hellip;]<\/p>\n","protected":false},"author":1,"featured_media":2196,"comment_status":"closed","ping_status":"","sticky":false,"template":"","format":"standard","meta":{"_acf_changed":false,"footnotes":""},"categories":[1],"tags":[],"class_list":["post-2192","post","type-post","status-publish","format-standard","has-post-thumbnail","hentry","category-aktuelles"],"acf":[],"_links":{"self":[{"href":"https:\/\/maderas-holztechnik.de\/en\/wp-json\/wp\/v2\/posts\/2192","targetHints":{"allow":["GET"]}}],"collection":[{"href":"https:\/\/maderas-holztechnik.de\/en\/wp-json\/wp\/v2\/posts"}],"about":[{"href":"https:\/\/maderas-holztechnik.de\/en\/wp-json\/wp\/v2\/types\/post"}],"author":[{"embeddable":true,"href":"https:\/\/maderas-holztechnik.de\/en\/wp-json\/wp\/v2\/users\/1"}],"replies":[{"embeddable":true,"href":"https:\/\/maderas-holztechnik.de\/en\/wp-json\/wp\/v2\/comments?post=2192"}],"version-history":[{"count":1,"href":"https:\/\/maderas-holztechnik.de\/en\/wp-json\/wp\/v2\/posts\/2192\/revisions"}],"predecessor-version":[{"id":2202,"href":"https:\/\/maderas-holztechnik.de\/en\/wp-json\/wp\/v2\/posts\/2192\/revisions\/2202"}],"wp:featuredmedia":[{"embeddable":true,"href":"https:\/\/maderas-holztechnik.de\/en\/wp-json\/wp\/v2\/media\/2196"}],"wp:attachment":[{"href":"https:\/\/maderas-holztechnik.de\/en\/wp-json\/wp\/v2\/media?parent=2192"}],"wp:term":[{"taxonomy":"category","embeddable":true,"href":"https:\/\/maderas-holztechnik.de\/en\/wp-json\/wp\/v2\/categories?post=2192"},{"taxonomy":"post_tag","embeddable":true,"href":"https:\/\/maderas-holztechnik.de\/en\/wp-json\/wp\/v2\/tags?post=2192"}],"curies":[{"name":"wp","href":"https:\/\/api.w.org\/{rel}","templated":true}]}}