{"id":226,"date":"2017-11-04T15:00:00","date_gmt":"2017-11-04T14:00:00","guid":{"rendered":"https:\/\/maderas-holztechnik.de\/?p=226"},"modified":"2024-03-25T12:07:14","modified_gmt":"2024-03-25T11:07:14","slug":"erfolgsprojekt-oekoprofit","status":"publish","type":"post","link":"https:\/\/maderas-holztechnik.de\/en\/aktuelles\/erfolgsprojekt-oekoprofit\/","title":{"rendered":"ECOPROFIT success stories"},"content":{"rendered":"<p>Today was an important day for nine companies from the H\u00f6xter district of North Rhine-Westphalia, Germany. They now have written recognition of the hard work they\u2019re doing to protect the environment in their business operations, with certain measures achieving enormous savings.<\/p>\n\n\n\n<p>The companies were presented with their ECOPROFIT certificates by NRW Environment Minister Ursula Heinen-Esser and District Administrator Friedhelm Spieker at the Glass Cube in Herste.<\/p>","protected":false},"excerpt":{"rendered":"<p>Dies war ein bedeutender Tag f\u00fcr neun Unternehmen aus dem Kreis H\u00f6xter. Sie haben nun schwarz auf wei\u00df, dass sie sich intensiv um den betrieblichen Umweltschutz k\u00fcmmern und durch verschiedene Ma\u00dfnahmen zum Teil enorme Einsparungen erzielen. Aus den H\u00e4nden von NRW-Umweltministerin Ursula Heinen-Esser und Landrat Friedhelm Spieker nahmen sie im Glass-Cube in Herste ihre \u00d6KOPROFIT-Urkunden [&hellip;]<\/p>\n","protected":false},"author":1,"featured_media":578,"comment_status":"closed","ping_status":"closed","sticky":false,"template":"","format":"standard","meta":{"_acf_changed":false,"footnotes":""},"categories":[1],"tags":[],"class_list":["post-226","post","type-post","status-publish","format-standard","has-post-thumbnail","hentry","category-aktuelles"],"acf":[],"_links":{"self":[{"href":"https:\/\/maderas-holztechnik.de\/en\/wp-json\/wp\/v2\/posts\/226","targetHints":{"allow":["GET"]}}],"collection":[{"href":"https:\/\/maderas-holztechnik.de\/en\/wp-json\/wp\/v2\/posts"}],"about":[{"href":"https:\/\/maderas-holztechnik.de\/en\/wp-json\/wp\/v2\/types\/post"}],"author":[{"embeddable":true,"href":"https:\/\/maderas-holztechnik.de\/en\/wp-json\/wp\/v2\/users\/1"}],"replies":[{"embeddable":true,"href":"https:\/\/maderas-holztechnik.de\/en\/wp-json\/wp\/v2\/comments?post=226"}],"version-history":[{"count":1,"href":"https:\/\/maderas-holztechnik.de\/en\/wp-json\/wp\/v2\/posts\/226\/revisions"}],"predecessor-version":[{"id":2225,"href":"https:\/\/maderas-holztechnik.de\/en\/wp-json\/wp\/v2\/posts\/226\/revisions\/2225"}],"wp:featuredmedia":[{"embeddable":true,"href":"https:\/\/maderas-holztechnik.de\/en\/wp-json\/wp\/v2\/media\/578"}],"wp:attachment":[{"href":"https:\/\/maderas-holztechnik.de\/en\/wp-json\/wp\/v2\/media?parent=226"}],"wp:term":[{"taxonomy":"category","embeddable":true,"href":"https:\/\/maderas-holztechnik.de\/en\/wp-json\/wp\/v2\/categories?post=226"},{"taxonomy":"post_tag","embeddable":true,"href":"https:\/\/maderas-holztechnik.de\/en\/wp-json\/wp\/v2\/tags?post=226"}],"curies":[{"name":"wp","href":"https:\/\/api.w.org\/{rel}","templated":true}]}}