{"id":2322,"date":"2024-12-18T08:11:14","date_gmt":"2024-12-18T07:11:14","guid":{"rendered":"https:\/\/maderas-holztechnik.de\/?p=2322"},"modified":"2024-12-18T08:11:43","modified_gmt":"2024-12-18T07:11:43","slug":"unser-weihnachtsgruss-2024","status":"publish","type":"post","link":"https:\/\/maderas-holztechnik.de\/en\/aktuelles\/unser-weihnachtsgruss-2024\/","title":{"rendered":"Unser Weihnachtsgru\u00df 2024"},"content":{"rendered":"<p>Liebe Kunden, Gesch\u00e4ftspartner und Freunde<br>wieder neigt sich ein ereignisreiches Jahr dem Ende zu, und wir m\u00f6chten die<br>Gelegenheit nutzen, Ihnen unseren herzlichen Dank auszusprechen. Ihre<br>Unterst\u00fctzung und Zusammenarbeit waren f\u00fcr uns von unsch\u00e4tzbarem Wert und<br>haben ma\u00dfgeblich zu unserem Erfolg beigetragen.<\/p>\n\n\n\n<p><br>Wie in den vergangenen Jahren haben wir uns auch dieses Jahr entschieden, auf<br>Weihnachtsgeschenke zu verzichten und stattdessen soziale Projekte zu<br>unterst\u00fctzen. Es ist uns ein besonderes Anliegen, einen Beitrag zur Gesellschaft zu<br>leisten und dort zu helfen, wo es gebraucht wird.<\/p>\n\n\n\n<p><br>In diesem Jahr geht unsere Spende an die musikalische Fr\u00fcherziehung der<br>Musikschule Marienm\u00fcnster. Musik ist ein wichtiger Bestandteil der kindlichen<br>Entwicklung und f\u00f6rdert Kreativit\u00e4t, Konzentration und soziale F\u00e4higkeiten. Wir sind<br>stolz darauf, dieses wertvolle Projekt unterst\u00fctzen zu k\u00f6nnen und damit einen<br>kleinen Beitrag zur F\u00f6rderung junger Talente zu leisten.<\/p>\n\n\n\n<div class=\"wp-block-columns is-layout-flex wp-container-core-columns-is-layout-28f84493 wp-block-columns-is-layout-flex\">\n<div class=\"wp-block-column is-layout-flow wp-block-column-is-layout-flow\">\n<figure class=\"wp-block-image size-full\"><img fetchpriority=\"high\" decoding=\"async\" width=\"517\" height=\"388\" src=\"https:\/\/maderas-holztechnik.de\/wp-content\/uploads\/2024\/12\/Weihnachtsgruss-Maderas-2024-4.jpg\" alt=\"\" class=\"wp-image-2325\" srcset=\"https:\/\/maderas-holztechnik.de\/wp-content\/uploads\/2024\/12\/Weihnachtsgruss-Maderas-2024-4.jpg 517w, https:\/\/maderas-holztechnik.de\/wp-content\/uploads\/2024\/12\/Weihnachtsgruss-Maderas-2024-4-300x225.jpg 300w, https:\/\/maderas-holztechnik.de\/wp-content\/uploads\/2024\/12\/Weihnachtsgruss-Maderas-2024-4-16x12.jpg 16w\" sizes=\"(max-width: 517px) 100vw, 517px\" \/><\/figure>\n<\/div>\n\n\n\n<div class=\"wp-block-column is-layout-flow wp-block-column-is-layout-flow\">\n<figure class=\"wp-block-image size-full\"><img decoding=\"async\" width=\"446\" height=\"446\" src=\"https:\/\/maderas-holztechnik.de\/wp-content\/uploads\/2024\/12\/Weihnachtsgruss-Maderas-2024-2.jpg\" alt=\"\" class=\"wp-image-2326\" srcset=\"https:\/\/maderas-holztechnik.de\/wp-content\/uploads\/2024\/12\/Weihnachtsgruss-Maderas-2024-2.jpg 446w, https:\/\/maderas-holztechnik.de\/wp-content\/uploads\/2024\/12\/Weihnachtsgruss-Maderas-2024-2-300x300.jpg 300w, https:\/\/maderas-holztechnik.de\/wp-content\/uploads\/2024\/12\/Weihnachtsgruss-Maderas-2024-2-150x150.jpg 150w, https:\/\/maderas-holztechnik.de\/wp-content\/uploads\/2024\/12\/Weihnachtsgruss-Maderas-2024-2-12x12.jpg 12w\" sizes=\"(max-width: 446px) 100vw, 446px\" \/><\/figure>\n<\/div>\n<\/div>\n\n\n\n<p><br>Mit unserer Spende werden diverse Instrumente angeschafft, sodass jedes Kind der<br>Gruppe im Unterricht ein Instrument in den H\u00e4nden halten kann.<br>Wir w\u00fcnschen Ihnen und Ihren Familien ein frohes und besinnliches Weihnachtsfest<br>sowie einen guten Start ins neue Jahr. M\u00f6ge 2025 Ihnen Gesundheit, Gl\u00fcck und<br>Erfolg bringen.<\/p>\n\n\n\n<p><br>Feliz Navidad , Merry Christmas, Glaedelig Jul, Vrolijk Kerstfeest<\/p>\n\n\n\n<p>Ihr Team der Maderas Holztechnik GmbH<\/p>\n\n\n\n<p><\/p>\n\n\n\n<div class=\"wp-block-file\"><a id=\"wp-block-file--media-e456329c-d750-442e-9c5c-9954bb93ad5d\" href=\"https:\/\/maderas-holztechnik.de\/wp-content\/uploads\/2024\/12\/Weihnachtsgruss-Maderas-2024.pdf\">Weihnachtsgru\u00df Maderas 2024<\/a><a href=\"https:\/\/maderas-holztechnik.de\/wp-content\/uploads\/2024\/12\/Weihnachtsgruss-Maderas-2024.pdf\" class=\"wp-block-file__button wp-element-button\" download aria-describedby=\"wp-block-file--media-e456329c-d750-442e-9c5c-9954bb93ad5d\">Download<\/a><\/div>","protected":false},"excerpt":{"rendered":"<p>Liebe Kunden, Gesch\u00e4ftspartner und Freundewieder neigt sich ein ereignisreiches Jahr dem Ende zu, und wir m\u00f6chten dieGelegenheit nutzen, Ihnen unseren herzlichen Dank auszusprechen. IhreUnterst\u00fctzung und Zusammenarbeit waren f\u00fcr uns von unsch\u00e4tzbarem Wert undhaben ma\u00dfgeblich zu unserem Erfolg beigetragen. Wie in den vergangenen Jahren haben wir uns auch dieses Jahr entschieden, aufWeihnachtsgeschenke zu verzichten und stattdessen [&hellip;]<\/p>\n","protected":false},"author":1,"featured_media":2325,"comment_status":"closed","ping_status":"","sticky":false,"template":"","format":"standard","meta":{"_acf_changed":false,"footnotes":""},"categories":[1],"tags":[],"class_list":["post-2322","post","type-post","status-publish","format-standard","has-post-thumbnail","hentry","category-aktuelles"],"acf":[],"_links":{"self":[{"href":"https:\/\/maderas-holztechnik.de\/en\/wp-json\/wp\/v2\/posts\/2322","targetHints":{"allow":["GET"]}}],"collection":[{"href":"https:\/\/maderas-holztechnik.de\/en\/wp-json\/wp\/v2\/posts"}],"about":[{"href":"https:\/\/maderas-holztechnik.de\/en\/wp-json\/wp\/v2\/types\/post"}],"author":[{"embeddable":true,"href":"https:\/\/maderas-holztechnik.de\/en\/wp-json\/wp\/v2\/users\/1"}],"replies":[{"embeddable":true,"href":"https:\/\/maderas-holztechnik.de\/en\/wp-json\/wp\/v2\/comments?post=2322"}],"version-history":[{"count":1,"href":"https:\/\/maderas-holztechnik.de\/en\/wp-json\/wp\/v2\/posts\/2322\/revisions"}],"predecessor-version":[{"id":2327,"href":"https:\/\/maderas-holztechnik.de\/en\/wp-json\/wp\/v2\/posts\/2322\/revisions\/2327"}],"wp:featuredmedia":[{"embeddable":true,"href":"https:\/\/maderas-holztechnik.de\/en\/wp-json\/wp\/v2\/media\/2325"}],"wp:attachment":[{"href":"https:\/\/maderas-holztechnik.de\/en\/wp-json\/wp\/v2\/media?parent=2322"}],"wp:term":[{"taxonomy":"category","embeddable":true,"href":"https:\/\/maderas-holztechnik.de\/en\/wp-json\/wp\/v2\/categories?post=2322"},{"taxonomy":"post_tag","embeddable":true,"href":"https:\/\/maderas-holztechnik.de\/en\/wp-json\/wp\/v2\/tags?post=2322"}],"curies":[{"name":"wp","href":"https:\/\/api.w.org\/{rel}","templated":true}]}}