{"id":233,"date":"2019-06-02T15:04:00","date_gmt":"2019-06-02T13:04:00","guid":{"rendered":"https:\/\/maderas-holztechnik.de\/?p=233"},"modified":"2024-03-25T12:06:28","modified_gmt":"2024-03-25T11:06:28","slug":"storchennachwuchs-wird-beringt","status":"publish","type":"post","link":"https:\/\/maderas-holztechnik.de\/en\/storchenpaar\/storchennachwuchs-wird-beringt\/","title":{"rendered":"Stork chicks get ringed"},"content":{"rendered":"<p>The Friends of the Storks groups in Ovenhausen and L\u00fctmarsen, who are working closely together on the Grube Storks project, are celebrating a great year. Michael J\u00f6bges from Recklinghausen succeeded in ringing three young storks high up on the tall chimney in Ovenhausen; in L\u00fctmarsen there were four young birds in the eyrie in its first year of use. There were actually five storks in the nest to begin with, but one of the youngsters was knocked out and died. \u201cIt\u2019s extremely rare to have four stork chicks,\u201d explained J\u00f6bges, a volunteer at the Heligoland Institute of Avian Research.<\/p>\n\n\n\n<div class=\"wp-block-file\"><a id=\"wp-block-file--media-040f3974-c22e-46d4-a50f-030f09cf85c0\" href=\"https:\/\/maderas-holztechnik.de\/wp-content\/uploads\/2023\/01\/HT1-samstag-komprimiert.pdf\" target=\"_blank\" rel=\"noreferrer noopener\">Read the full news story here (German)<\/a><a href=\"https:\/\/maderas-holztechnik.de\/wp-content\/uploads\/2023\/01\/HT1-samstag-komprimiert.pdf\" class=\"wp-block-file__button wp-element-button\" download aria-describedby=\"wp-block-file--media-040f3974-c22e-46d4-a50f-030f09cf85c0\">Download<\/a><\/div>\n\n\n\n<figure class=\"wp-block-gallery has-nested-images columns-default is-cropped wp-block-gallery-1 is-layout-flex wp-block-gallery-is-layout-flex\">\n<figure class=\"wp-block-image size-large\"><img fetchpriority=\"high\" decoding=\"async\" width=\"800\" height=\"533\" data-id=\"572\" src=\"https:\/\/maderas-holztechnik.de\/wp-content\/uploads\/2023\/01\/DSC_0478-800px.jpg\" alt=\"\" class=\"wp-image-572\" srcset=\"https:\/\/maderas-holztechnik.de\/wp-content\/uploads\/2023\/01\/DSC_0478-800px.jpg 800w, https:\/\/maderas-holztechnik.de\/wp-content\/uploads\/2023\/01\/DSC_0478-800px-300x200.jpg 300w, https:\/\/maderas-holztechnik.de\/wp-content\/uploads\/2023\/01\/DSC_0478-800px-768x512.jpg 768w\" sizes=\"(max-width: 800px) 100vw, 800px\" \/><\/figure>\n\n\n\n<figure class=\"wp-block-image size-large\"><img decoding=\"async\" width=\"800\" height=\"533\" data-id=\"571\" src=\"https:\/\/maderas-holztechnik.de\/wp-content\/uploads\/2023\/01\/DSC_0511-800px.jpg\" alt=\"\" class=\"wp-image-571\" srcset=\"https:\/\/maderas-holztechnik.de\/wp-content\/uploads\/2023\/01\/DSC_0511-800px.jpg 800w, https:\/\/maderas-holztechnik.de\/wp-content\/uploads\/2023\/01\/DSC_0511-800px-300x200.jpg 300w, https:\/\/maderas-holztechnik.de\/wp-content\/uploads\/2023\/01\/DSC_0511-800px-768x512.jpg 768w\" sizes=\"(max-width: 800px) 100vw, 800px\" \/><\/figure>\n\n\n\n<figure class=\"wp-block-image size-large\"><img decoding=\"async\" width=\"800\" height=\"533\" data-id=\"573\" src=\"https:\/\/maderas-holztechnik.de\/wp-content\/uploads\/2023\/01\/DSC_0515-800px.jpg\" alt=\"\" class=\"wp-image-573\" srcset=\"https:\/\/maderas-holztechnik.de\/wp-content\/uploads\/2023\/01\/DSC_0515-800px.jpg 800w, https:\/\/maderas-holztechnik.de\/wp-content\/uploads\/2023\/01\/DSC_0515-800px-300x200.jpg 300w, https:\/\/maderas-holztechnik.de\/wp-content\/uploads\/2023\/01\/DSC_0515-800px-768x512.jpg 768w\" sizes=\"(max-width: 800px) 100vw, 800px\" \/><\/figure>\n<\/figure>","protected":false},"excerpt":{"rendered":"<p>\u00dcber ein perfektes Storchenjahr freuen sich die Storchenfreunde in Ovenhausen und L\u00fctmarsen, die bei dem Projekt \u201eGrubest\u00f6rche\u201c eng zusammenarbeiten. Michael J\u00f6bges aus Recklinghausen konnte auf dem hohen Kamin in Ovenhausen drei Jungst\u00f6rche kennzeichnen, in L\u00fctmarsen waren es gleich vier junge V\u00f6gel bei der Erstbesetzung des Horstes. Anfangs waren sogar f\u00fcnf St\u00f6rche im Horst, ein Jungtier [&hellip;]<\/p>\n","protected":false},"author":1,"featured_media":570,"comment_status":"closed","ping_status":"closed","sticky":false,"template":"","format":"standard","meta":{"_acf_changed":false,"footnotes":""},"categories":[9],"tags":[],"class_list":["post-233","post","type-post","status-publish","format-standard","has-post-thumbnail","hentry","category-storchenpaar"],"acf":[],"_links":{"self":[{"href":"https:\/\/maderas-holztechnik.de\/en\/wp-json\/wp\/v2\/posts\/233","targetHints":{"allow":["GET"]}}],"collection":[{"href":"https:\/\/maderas-holztechnik.de\/en\/wp-json\/wp\/v2\/posts"}],"about":[{"href":"https:\/\/maderas-holztechnik.de\/en\/wp-json\/wp\/v2\/types\/post"}],"author":[{"embeddable":true,"href":"https:\/\/maderas-holztechnik.de\/en\/wp-json\/wp\/v2\/users\/1"}],"replies":[{"embeddable":true,"href":"https:\/\/maderas-holztechnik.de\/en\/wp-json\/wp\/v2\/comments?post=233"}],"version-history":[{"count":1,"href":"https:\/\/maderas-holztechnik.de\/en\/wp-json\/wp\/v2\/posts\/233\/revisions"}],"predecessor-version":[{"id":2223,"href":"https:\/\/maderas-holztechnik.de\/en\/wp-json\/wp\/v2\/posts\/233\/revisions\/2223"}],"wp:featuredmedia":[{"embeddable":true,"href":"https:\/\/maderas-holztechnik.de\/en\/wp-json\/wp\/v2\/media\/570"}],"wp:attachment":[{"href":"https:\/\/maderas-holztechnik.de\/en\/wp-json\/wp\/v2\/media?parent=233"}],"wp:term":[{"taxonomy":"category","embeddable":true,"href":"https:\/\/maderas-holztechnik.de\/en\/wp-json\/wp\/v2\/categories?post=233"},{"taxonomy":"post_tag","embeddable":true,"href":"https:\/\/maderas-holztechnik.de\/en\/wp-json\/wp\/v2\/tags?post=233"}],"curies":[{"name":"wp","href":"https:\/\/api.w.org\/{rel}","templated":true}]}}