{"id":2333,"date":"2025-02-23T10:00:00","date_gmt":"2025-02-23T09:00:00","guid":{"rendered":"https:\/\/maderas-holztechnik.de\/?p=2333"},"modified":"2025-02-28T08:47:15","modified_gmt":"2025-02-28T07:47:15","slug":"willkommen-zurueck-ovo-und-antje","status":"publish","type":"post","link":"https:\/\/maderas-holztechnik.de\/en\/storchenpaar\/willkommen-zurueck-ovo-und-antje\/","title":{"rendered":"Willkommen zur\u00fcck, Ovo und Antje!"},"content":{"rendered":"<p>Ovo und Antje sind am Sonntagmorgen, den 23. Februar 2025, wohlbehalten aus dem S\u00fcden zur\u00fcckgekehrt und sicher in ihrem Nest gelandet. Die Freude bei Maderas und im Dorf ist riesig! Jetzt macht eine Fahrt durch Ovenhausen gleich doppelt so viel Spa\u00df. Mit etwas Gl\u00fcck k\u00f6nnen wir bald sogar ihren Nachwuchs begr\u00fc\u00dfen, denn die St\u00f6rche und ihre K\u00fcken sind immer ein wunderbarer Anblick.<\/p>\n\n\n\n<div style=\"height:80px\" aria-hidden=\"true\" class=\"wp-block-spacer\"><\/div>\n\n\n\n<figure class=\"wp-block-gallery has-nested-images columns-default is-cropped wp-block-gallery-1 is-layout-flex wp-block-gallery-is-layout-flex\">\n<figure class=\"wp-block-image size-large\"><img fetchpriority=\"high\" decoding=\"async\" width=\"683\" height=\"1024\" data-id=\"2338\" src=\"https:\/\/maderas-holztechnik.de\/wp-content\/uploads\/2025\/02\/DSC_4652-683x1024.jpeg\" alt=\"\" class=\"wp-image-2338\" srcset=\"https:\/\/maderas-holztechnik.de\/wp-content\/uploads\/2025\/02\/DSC_4652-683x1024.jpeg 683w, https:\/\/maderas-holztechnik.de\/wp-content\/uploads\/2025\/02\/DSC_4652-200x300.jpeg 200w, https:\/\/maderas-holztechnik.de\/wp-content\/uploads\/2025\/02\/DSC_4652-768x1152.jpeg 768w, https:\/\/maderas-holztechnik.de\/wp-content\/uploads\/2025\/02\/DSC_4652-1024x1536.jpeg 1024w, https:\/\/maderas-holztechnik.de\/wp-content\/uploads\/2025\/02\/DSC_4652-1365x2048.jpeg 1365w, https:\/\/maderas-holztechnik.de\/wp-content\/uploads\/2025\/02\/DSC_4652-8x12.jpeg 8w, https:\/\/maderas-holztechnik.de\/wp-content\/uploads\/2025\/02\/DSC_4652-scaled.jpeg 1706w\" sizes=\"(max-width: 683px) 100vw, 683px\" \/><\/figure>\n\n\n\n<figure class=\"wp-block-image size-large\"><img decoding=\"async\" width=\"1024\" height=\"719\" data-id=\"2337\" src=\"https:\/\/maderas-holztechnik.de\/wp-content\/uploads\/2025\/02\/DSC_4689-1024x719.jpeg\" alt=\"\" class=\"wp-image-2337\" srcset=\"https:\/\/maderas-holztechnik.de\/wp-content\/uploads\/2025\/02\/DSC_4689-1024x719.jpeg 1024w, https:\/\/maderas-holztechnik.de\/wp-content\/uploads\/2025\/02\/DSC_4689-300x211.jpeg 300w, https:\/\/maderas-holztechnik.de\/wp-content\/uploads\/2025\/02\/DSC_4689-768x539.jpeg 768w, https:\/\/maderas-holztechnik.de\/wp-content\/uploads\/2025\/02\/DSC_4689-1536x1078.jpeg 1536w, https:\/\/maderas-holztechnik.de\/wp-content\/uploads\/2025\/02\/DSC_4689-2048x1437.jpeg 2048w, https:\/\/maderas-holztechnik.de\/wp-content\/uploads\/2025\/02\/DSC_4689-18x12.jpeg 18w\" sizes=\"(max-width: 1024px) 100vw, 1024px\" \/><\/figure>\n\n\n\n<figure class=\"wp-block-image size-large\"><img decoding=\"async\" width=\"794\" height=\"1024\" data-id=\"2336\" src=\"https:\/\/maderas-holztechnik.de\/wp-content\/uploads\/2025\/02\/DSC_4677-794x1024.jpeg\" alt=\"\" class=\"wp-image-2336\" srcset=\"https:\/\/maderas-holztechnik.de\/wp-content\/uploads\/2025\/02\/DSC_4677-794x1024.jpeg 794w, https:\/\/maderas-holztechnik.de\/wp-content\/uploads\/2025\/02\/DSC_4677-233x300.jpeg 233w, https:\/\/maderas-holztechnik.de\/wp-content\/uploads\/2025\/02\/DSC_4677-768x991.jpeg 768w, https:\/\/maderas-holztechnik.de\/wp-content\/uploads\/2025\/02\/DSC_4677-1190x1536.jpeg 1190w, https:\/\/maderas-holztechnik.de\/wp-content\/uploads\/2025\/02\/DSC_4677-9x12.jpeg 9w, https:\/\/maderas-holztechnik.de\/wp-content\/uploads\/2025\/02\/DSC_4677.jpeg 1554w\" sizes=\"(max-width: 794px) 100vw, 794px\" \/><\/figure>\n\n\n\n<figure class=\"wp-block-image size-large\"><img loading=\"lazy\" decoding=\"async\" width=\"923\" height=\"1024\" data-id=\"2335\" src=\"https:\/\/maderas-holztechnik.de\/wp-content\/uploads\/2025\/02\/DSC_4673-923x1024.jpeg\" alt=\"\" class=\"wp-image-2335\" srcset=\"https:\/\/maderas-holztechnik.de\/wp-content\/uploads\/2025\/02\/DSC_4673-923x1024.jpeg 923w, https:\/\/maderas-holztechnik.de\/wp-content\/uploads\/2025\/02\/DSC_4673-270x300.jpeg 270w, https:\/\/maderas-holztechnik.de\/wp-content\/uploads\/2025\/02\/DSC_4673-768x852.jpeg 768w, https:\/\/maderas-holztechnik.de\/wp-content\/uploads\/2025\/02\/DSC_4673-1385x1536.jpeg 1385w, https:\/\/maderas-holztechnik.de\/wp-content\/uploads\/2025\/02\/DSC_4673-1846x2048.jpeg 1846w, https:\/\/maderas-holztechnik.de\/wp-content\/uploads\/2025\/02\/DSC_4673-11x12.jpeg 11w\" sizes=\"(max-width: 923px) 100vw, 923px\" \/><\/figure>\n\n\n\n<figure class=\"wp-block-image size-large\"><img loading=\"lazy\" decoding=\"async\" width=\"1024\" height=\"690\" data-id=\"2334\" src=\"https:\/\/maderas-holztechnik.de\/wp-content\/uploads\/2025\/02\/DSC_4664-1024x690.jpeg\" alt=\"\" class=\"wp-image-2334\" srcset=\"https:\/\/maderas-holztechnik.de\/wp-content\/uploads\/2025\/02\/DSC_4664-1024x690.jpeg 1024w, https:\/\/maderas-holztechnik.de\/wp-content\/uploads\/2025\/02\/DSC_4664-300x202.jpeg 300w, https:\/\/maderas-holztechnik.de\/wp-content\/uploads\/2025\/02\/DSC_4664-768x517.jpeg 768w, https:\/\/maderas-holztechnik.de\/wp-content\/uploads\/2025\/02\/DSC_4664-1536x1035.jpeg 1536w, https:\/\/maderas-holztechnik.de\/wp-content\/uploads\/2025\/02\/DSC_4664-2048x1380.jpeg 2048w, https:\/\/maderas-holztechnik.de\/wp-content\/uploads\/2025\/02\/DSC_4664-18x12.jpeg 18w\" sizes=\"(max-width: 1024px) 100vw, 1024px\" \/><\/figure>\n<\/figure>","protected":false},"excerpt":{"rendered":"<p>Ovo und Antje sind am Sonntagmorgen, den 23. Februar 2025, wohlbehalten aus dem S\u00fcden zur\u00fcckgekehrt und sicher in ihrem Nest gelandet. Die Freude bei Maderas und im Dorf ist riesig! Jetzt macht eine Fahrt durch Ovenhausen gleich doppelt so viel Spa\u00df. Mit etwas Gl\u00fcck k\u00f6nnen wir bald sogar ihren Nachwuchs begr\u00fc\u00dfen, denn die St\u00f6rche und [&hellip;]<\/p>\n","protected":false},"author":1,"featured_media":2335,"comment_status":"closed","ping_status":"","sticky":false,"template":"","format":"standard","meta":{"_acf_changed":false,"footnotes":""},"categories":[9],"tags":[],"class_list":["post-2333","post","type-post","status-publish","format-standard","has-post-thumbnail","hentry","category-storchenpaar"],"acf":[],"_links":{"self":[{"href":"https:\/\/maderas-holztechnik.de\/en\/wp-json\/wp\/v2\/posts\/2333","targetHints":{"allow":["GET"]}}],"collection":[{"href":"https:\/\/maderas-holztechnik.de\/en\/wp-json\/wp\/v2\/posts"}],"about":[{"href":"https:\/\/maderas-holztechnik.de\/en\/wp-json\/wp\/v2\/types\/post"}],"author":[{"embeddable":true,"href":"https:\/\/maderas-holztechnik.de\/en\/wp-json\/wp\/v2\/users\/1"}],"replies":[{"embeddable":true,"href":"https:\/\/maderas-holztechnik.de\/en\/wp-json\/wp\/v2\/comments?post=2333"}],"version-history":[{"count":1,"href":"https:\/\/maderas-holztechnik.de\/en\/wp-json\/wp\/v2\/posts\/2333\/revisions"}],"predecessor-version":[{"id":2339,"href":"https:\/\/maderas-holztechnik.de\/en\/wp-json\/wp\/v2\/posts\/2333\/revisions\/2339"}],"wp:featuredmedia":[{"embeddable":true,"href":"https:\/\/maderas-holztechnik.de\/en\/wp-json\/wp\/v2\/media\/2335"}],"wp:attachment":[{"href":"https:\/\/maderas-holztechnik.de\/en\/wp-json\/wp\/v2\/media?parent=2333"}],"wp:term":[{"taxonomy":"category","embeddable":true,"href":"https:\/\/maderas-holztechnik.de\/en\/wp-json\/wp\/v2\/categories?post=2333"},{"taxonomy":"post_tag","embeddable":true,"href":"https:\/\/maderas-holztechnik.de\/en\/wp-json\/wp\/v2\/tags?post=2333"}],"curies":[{"name":"wp","href":"https:\/\/api.w.org\/{rel}","templated":true}]}}