{"id":2410,"date":"2025-03-14T14:25:02","date_gmt":"2025-03-14T13:25:02","guid":{"rendered":"https:\/\/maderas-holztechnik.de\/?p=2410"},"modified":"2025-03-17T07:57:44","modified_gmt":"2025-03-17T06:57:44","slug":"maderas-holztechnik-erweitert-portfolio-neue-kompetenz-in-der-furnierbearbeitung","status":"publish","type":"post","link":"https:\/\/maderas-holztechnik.de\/en\/aktuelles\/maderas-holztechnik-erweitert-portfolio-neue-kompetenz-in-der-furnierbearbeitung\/","title":{"rendered":"Wir k\u00f6nnen jetzt auch Furnierbearbeitung &#8211; Maderas Holztechnik erweitert Portfolio"},"content":{"rendered":"<p>Maderas Holztechnik steht seit jeher f\u00fcr h\u00f6chste Qualit\u00e4t und Pr\u00e4zision in der Massivholzbearbeitung. Nun gehen wir den n\u00e4chsten Schritt und erweitern unser Leistungsportfolio um die <strong>Furnierbearbeitung<\/strong> \u2013 eine perfekte Erg\u00e4nzung zu unserem bisherigen Angebot.<\/p>\n\n\n\n<p>Dank einer strategischen Partnerschaft mit einem Spezialisten, der auf \u00fcber <strong>100 Jahre Erfahrung<\/strong> in der Furnierverarbeitung zur\u00fcckblickt und bereits in der <strong>vierten Generation<\/strong> fertigt, k\u00f6nnen wir Ihnen ab sofort erstklassige L\u00f6sungen in diesem Bereich anbieten.<\/p>\n\n\n\n<p>Diese Kooperation erm\u00f6glicht es uns, ma\u00dfgeschneiderte Furnierl\u00f6sungen mit h\u00f6chster handwerklicher Pr\u00e4zision und modernster Technik anzubieten. Ob f\u00fcr M\u00f6bel, Innenausbau oder spezielle Designprojekte \u2013 wir bieten Ihnen die perfekte Verbindung von traditionellem Handwerk und innovativer Verarbeitungstechnik.<\/p>\n\n\n\n<p>Lassen Sie sich von den neuen M\u00f6glichkeiten inspirieren! <\/p>\n\n\n\n<p>Kontaktieren Sie uns f\u00fcr eine individuelle Beratung.<\/p>\n\n\n\n<div style=\"height:80px\" aria-hidden=\"true\" class=\"wp-block-spacer\"><\/div>\n\n\n\n<iframe width=\"560\" height=\"315\" src=\"https:\/\/www.youtube.com\/embed\/YTJUTzOujDQ?si=c2_c_-5gt8wB9M8l\" title=\"YouTube video player\" frameborder=\"0\" allow=\"accelerometer; autoplay; clipboard-write; encrypted-media; gyroscope; picture-in-picture; web-share\" referrerpolicy=\"strict-origin-when-cross-origin\" allowfullscreen><\/iframe>\n\n\n\n<div style=\"height:80px\" aria-hidden=\"true\" class=\"wp-block-spacer\"><\/div>\n\n\n\n<figure class=\"wp-block-gallery has-nested-images columns-4 is-cropped wp-block-gallery-1 is-layout-flex wp-block-gallery-is-layout-flex\">\n<figure class=\"wp-block-image size-large\"><img fetchpriority=\"high\" decoding=\"async\" width=\"1024\" height=\"683\" data-id=\"2422\" src=\"https:\/\/maderas-holztechnik.de\/wp-content\/uploads\/2025\/03\/DSCF1218_web-1024x683.jpg\" alt=\"\" class=\"wp-image-2422\" srcset=\"https:\/\/maderas-holztechnik.de\/wp-content\/uploads\/2025\/03\/DSCF1218_web-1024x683.jpg 1024w, https:\/\/maderas-holztechnik.de\/wp-content\/uploads\/2025\/03\/DSCF1218_web-300x200.jpg 300w, https:\/\/maderas-holztechnik.de\/wp-content\/uploads\/2025\/03\/DSCF1218_web-768x512.jpg 768w, https:\/\/maderas-holztechnik.de\/wp-content\/uploads\/2025\/03\/DSCF1218_web-1536x1024.jpg 1536w, https:\/\/maderas-holztechnik.de\/wp-content\/uploads\/2025\/03\/DSCF1218_web-2048x1365.jpg 2048w, https:\/\/maderas-holztechnik.de\/wp-content\/uploads\/2025\/03\/DSCF1218_web-18x12.jpg 18w\" sizes=\"(max-width: 1024px) 100vw, 1024px\" \/><\/figure>\n\n\n\n<figure class=\"wp-block-image size-large\"><img decoding=\"async\" width=\"1024\" height=\"683\" data-id=\"2420\" src=\"https:\/\/maderas-holztechnik.de\/wp-content\/uploads\/2025\/03\/DSCF1230_web-1024x683.jpg\" alt=\"\" class=\"wp-image-2420\" srcset=\"https:\/\/maderas-holztechnik.de\/wp-content\/uploads\/2025\/03\/DSCF1230_web-1024x683.jpg 1024w, https:\/\/maderas-holztechnik.de\/wp-content\/uploads\/2025\/03\/DSCF1230_web-300x200.jpg 300w, https:\/\/maderas-holztechnik.de\/wp-content\/uploads\/2025\/03\/DSCF1230_web-768x512.jpg 768w, https:\/\/maderas-holztechnik.de\/wp-content\/uploads\/2025\/03\/DSCF1230_web-1536x1024.jpg 1536w, https:\/\/maderas-holztechnik.de\/wp-content\/uploads\/2025\/03\/DSCF1230_web-2048x1365.jpg 2048w, https:\/\/maderas-holztechnik.de\/wp-content\/uploads\/2025\/03\/DSCF1230_web-18x12.jpg 18w\" sizes=\"(max-width: 1024px) 100vw, 1024px\" \/><\/figure>\n\n\n\n<figure class=\"wp-block-image size-large\"><img decoding=\"async\" width=\"1024\" height=\"683\" data-id=\"2412\" src=\"https:\/\/maderas-holztechnik.de\/wp-content\/uploads\/2025\/03\/DSCF1173_web-1024x683.jpg\" alt=\"\" class=\"wp-image-2412\" srcset=\"https:\/\/maderas-holztechnik.de\/wp-content\/uploads\/2025\/03\/DSCF1173_web-1024x683.jpg 1024w, https:\/\/maderas-holztechnik.de\/wp-content\/uploads\/2025\/03\/DSCF1173_web-300x200.jpg 300w, https:\/\/maderas-holztechnik.de\/wp-content\/uploads\/2025\/03\/DSCF1173_web-768x512.jpg 768w, https:\/\/maderas-holztechnik.de\/wp-content\/uploads\/2025\/03\/DSCF1173_web-1536x1024.jpg 1536w, https:\/\/maderas-holztechnik.de\/wp-content\/uploads\/2025\/03\/DSCF1173_web-2048x1365.jpg 2048w, https:\/\/maderas-holztechnik.de\/wp-content\/uploads\/2025\/03\/DSCF1173_web-18x12.jpg 18w\" sizes=\"(max-width: 1024px) 100vw, 1024px\" \/><\/figure>\n\n\n\n<figure class=\"wp-block-image size-large\"><img loading=\"lazy\" decoding=\"async\" width=\"1024\" height=\"683\" data-id=\"2421\" src=\"https:\/\/maderas-holztechnik.de\/wp-content\/uploads\/2025\/03\/DSCF1322_web-1024x683.jpg\" alt=\"\" class=\"wp-image-2421\" srcset=\"https:\/\/maderas-holztechnik.de\/wp-content\/uploads\/2025\/03\/DSCF1322_web-1024x683.jpg 1024w, https:\/\/maderas-holztechnik.de\/wp-content\/uploads\/2025\/03\/DSCF1322_web-300x200.jpg 300w, https:\/\/maderas-holztechnik.de\/wp-content\/uploads\/2025\/03\/DSCF1322_web-768x512.jpg 768w, https:\/\/maderas-holztechnik.de\/wp-content\/uploads\/2025\/03\/DSCF1322_web-1536x1024.jpg 1536w, https:\/\/maderas-holztechnik.de\/wp-content\/uploads\/2025\/03\/DSCF1322_web-2048x1365.jpg 2048w, https:\/\/maderas-holztechnik.de\/wp-content\/uploads\/2025\/03\/DSCF1322_web-18x12.jpg 18w\" sizes=\"(max-width: 1024px) 100vw, 1024px\" \/><\/figure>\n\n\n\n<figure class=\"wp-block-image size-large\"><img loading=\"lazy\" decoding=\"async\" width=\"1024\" height=\"683\" data-id=\"2419\" src=\"https:\/\/maderas-holztechnik.de\/wp-content\/uploads\/2025\/03\/DSCF1294-2_web-1024x683.jpg\" alt=\"\" class=\"wp-image-2419\" srcset=\"https:\/\/maderas-holztechnik.de\/wp-content\/uploads\/2025\/03\/DSCF1294-2_web-1024x683.jpg 1024w, https:\/\/maderas-holztechnik.de\/wp-content\/uploads\/2025\/03\/DSCF1294-2_web-300x200.jpg 300w, https:\/\/maderas-holztechnik.de\/wp-content\/uploads\/2025\/03\/DSCF1294-2_web-768x512.jpg 768w, https:\/\/maderas-holztechnik.de\/wp-content\/uploads\/2025\/03\/DSCF1294-2_web-1536x1024.jpg 1536w, https:\/\/maderas-holztechnik.de\/wp-content\/uploads\/2025\/03\/DSCF1294-2_web-2048x1365.jpg 2048w, https:\/\/maderas-holztechnik.de\/wp-content\/uploads\/2025\/03\/DSCF1294-2_web-18x12.jpg 18w\" sizes=\"(max-width: 1024px) 100vw, 1024px\" \/><\/figure>\n\n\n\n<figure class=\"wp-block-image size-large\"><img loading=\"lazy\" decoding=\"async\" width=\"1024\" height=\"683\" data-id=\"2418\" src=\"https:\/\/maderas-holztechnik.de\/wp-content\/uploads\/2025\/03\/DSCF1528_web-1024x683.jpg\" alt=\"\" class=\"wp-image-2418\" srcset=\"https:\/\/maderas-holztechnik.de\/wp-content\/uploads\/2025\/03\/DSCF1528_web-1024x683.jpg 1024w, https:\/\/maderas-holztechnik.de\/wp-content\/uploads\/2025\/03\/DSCF1528_web-300x200.jpg 300w, https:\/\/maderas-holztechnik.de\/wp-content\/uploads\/2025\/03\/DSCF1528_web-768x512.jpg 768w, https:\/\/maderas-holztechnik.de\/wp-content\/uploads\/2025\/03\/DSCF1528_web-1536x1024.jpg 1536w, https:\/\/maderas-holztechnik.de\/wp-content\/uploads\/2025\/03\/DSCF1528_web-2048x1366.jpg 2048w, https:\/\/maderas-holztechnik.de\/wp-content\/uploads\/2025\/03\/DSCF1528_web-18x12.jpg 18w\" sizes=\"(max-width: 1024px) 100vw, 1024px\" \/><\/figure>\n\n\n\n<figure class=\"wp-block-image size-large\"><img loading=\"lazy\" decoding=\"async\" width=\"1024\" height=\"683\" data-id=\"2415\" src=\"https:\/\/maderas-holztechnik.de\/wp-content\/uploads\/2025\/03\/DSCF1254_web-1024x683.jpg\" alt=\"\" class=\"wp-image-2415\" srcset=\"https:\/\/maderas-holztechnik.de\/wp-content\/uploads\/2025\/03\/DSCF1254_web-1024x683.jpg 1024w, https:\/\/maderas-holztechnik.de\/wp-content\/uploads\/2025\/03\/DSCF1254_web-300x200.jpg 300w, https:\/\/maderas-holztechnik.de\/wp-content\/uploads\/2025\/03\/DSCF1254_web-768x512.jpg 768w, https:\/\/maderas-holztechnik.de\/wp-content\/uploads\/2025\/03\/DSCF1254_web-1536x1024.jpg 1536w, https:\/\/maderas-holztechnik.de\/wp-content\/uploads\/2025\/03\/DSCF1254_web-2048x1365.jpg 2048w, https:\/\/maderas-holztechnik.de\/wp-content\/uploads\/2025\/03\/DSCF1254_web-18x12.jpg 18w\" sizes=\"(max-width: 1024px) 100vw, 1024px\" \/><\/figure>\n\n\n\n<figure class=\"wp-block-image size-large\"><img loading=\"lazy\" decoding=\"async\" width=\"1024\" height=\"683\" data-id=\"2423\" src=\"https:\/\/maderas-holztechnik.de\/wp-content\/uploads\/2025\/03\/DSCF1537_web-1024x683.jpg\" alt=\"\" class=\"wp-image-2423\" srcset=\"https:\/\/maderas-holztechnik.de\/wp-content\/uploads\/2025\/03\/DSCF1537_web-1024x683.jpg 1024w, https:\/\/maderas-holztechnik.de\/wp-content\/uploads\/2025\/03\/DSCF1537_web-300x200.jpg 300w, https:\/\/maderas-holztechnik.de\/wp-content\/uploads\/2025\/03\/DSCF1537_web-768x512.jpg 768w, https:\/\/maderas-holztechnik.de\/wp-content\/uploads\/2025\/03\/DSCF1537_web-1536x1024.jpg 1536w, https:\/\/maderas-holztechnik.de\/wp-content\/uploads\/2025\/03\/DSCF1537_web-2048x1365.jpg 2048w, https:\/\/maderas-holztechnik.de\/wp-content\/uploads\/2025\/03\/DSCF1537_web-18x12.jpg 18w\" sizes=\"(max-width: 1024px) 100vw, 1024px\" \/><\/figure>\n\n\n\n<figure class=\"wp-block-image size-large\"><img loading=\"lazy\" decoding=\"async\" width=\"1024\" height=\"683\" data-id=\"2411\" src=\"https:\/\/maderas-holztechnik.de\/wp-content\/uploads\/2025\/03\/DSCF1488_web-1024x683.jpg\" alt=\"\" class=\"wp-image-2411\" srcset=\"https:\/\/maderas-holztechnik.de\/wp-content\/uploads\/2025\/03\/DSCF1488_web-1024x683.jpg 1024w, https:\/\/maderas-holztechnik.de\/wp-content\/uploads\/2025\/03\/DSCF1488_web-300x200.jpg 300w, https:\/\/maderas-holztechnik.de\/wp-content\/uploads\/2025\/03\/DSCF1488_web-768x512.jpg 768w, https:\/\/maderas-holztechnik.de\/wp-content\/uploads\/2025\/03\/DSCF1488_web-1536x1024.jpg 1536w, https:\/\/maderas-holztechnik.de\/wp-content\/uploads\/2025\/03\/DSCF1488_web-2048x1365.jpg 2048w, https:\/\/maderas-holztechnik.de\/wp-content\/uploads\/2025\/03\/DSCF1488_web-18x12.jpg 18w\" sizes=\"(max-width: 1024px) 100vw, 1024px\" \/><\/figure>\n\n\n\n<figure class=\"wp-block-image size-large\"><img loading=\"lazy\" decoding=\"async\" width=\"1024\" height=\"683\" data-id=\"2414\" src=\"https:\/\/maderas-holztechnik.de\/wp-content\/uploads\/2025\/03\/DSCF1191-2-1024x683.jpg\" alt=\"\" class=\"wp-image-2414\" srcset=\"https:\/\/maderas-holztechnik.de\/wp-content\/uploads\/2025\/03\/DSCF1191-2-1024x683.jpg 1024w, https:\/\/maderas-holztechnik.de\/wp-content\/uploads\/2025\/03\/DSCF1191-2-300x200.jpg 300w, https:\/\/maderas-holztechnik.de\/wp-content\/uploads\/2025\/03\/DSCF1191-2-768x512.jpg 768w, https:\/\/maderas-holztechnik.de\/wp-content\/uploads\/2025\/03\/DSCF1191-2-1536x1024.jpg 1536w, https:\/\/maderas-holztechnik.de\/wp-content\/uploads\/2025\/03\/DSCF1191-2-2048x1365.jpg 2048w, https:\/\/maderas-holztechnik.de\/wp-content\/uploads\/2025\/03\/DSCF1191-2-18x12.jpg 18w\" sizes=\"(max-width: 1024px) 100vw, 1024px\" \/><\/figure>\n\n\n\n<figure class=\"wp-block-image size-large\"><img loading=\"lazy\" decoding=\"async\" width=\"1024\" height=\"683\" data-id=\"2413\" src=\"https:\/\/maderas-holztechnik.de\/wp-content\/uploads\/2025\/03\/DSCF1269_web-1024x683.jpg\" alt=\"\" class=\"wp-image-2413\" srcset=\"https:\/\/maderas-holztechnik.de\/wp-content\/uploads\/2025\/03\/DSCF1269_web-1024x683.jpg 1024w, https:\/\/maderas-holztechnik.de\/wp-content\/uploads\/2025\/03\/DSCF1269_web-300x200.jpg 300w, https:\/\/maderas-holztechnik.de\/wp-content\/uploads\/2025\/03\/DSCF1269_web-768x512.jpg 768w, https:\/\/maderas-holztechnik.de\/wp-content\/uploads\/2025\/03\/DSCF1269_web-1536x1024.jpg 1536w, https:\/\/maderas-holztechnik.de\/wp-content\/uploads\/2025\/03\/DSCF1269_web-2048x1365.jpg 2048w, https:\/\/maderas-holztechnik.de\/wp-content\/uploads\/2025\/03\/DSCF1269_web-18x12.jpg 18w\" sizes=\"(max-width: 1024px) 100vw, 1024px\" \/><\/figure>\n\n\n\n<figure class=\"wp-block-image size-large\"><img loading=\"lazy\" decoding=\"async\" width=\"1024\" height=\"683\" data-id=\"2417\" src=\"https:\/\/maderas-holztechnik.de\/wp-content\/uploads\/2025\/03\/DSCF1538_web-1024x683.jpg\" alt=\"\" class=\"wp-image-2417\" srcset=\"https:\/\/maderas-holztechnik.de\/wp-content\/uploads\/2025\/03\/DSCF1538_web-1024x683.jpg 1024w, https:\/\/maderas-holztechnik.de\/wp-content\/uploads\/2025\/03\/DSCF1538_web-300x200.jpg 300w, https:\/\/maderas-holztechnik.de\/wp-content\/uploads\/2025\/03\/DSCF1538_web-768x512.jpg 768w, https:\/\/maderas-holztechnik.de\/wp-content\/uploads\/2025\/03\/DSCF1538_web-1536x1024.jpg 1536w, https:\/\/maderas-holztechnik.de\/wp-content\/uploads\/2025\/03\/DSCF1538_web-2048x1366.jpg 2048w, https:\/\/maderas-holztechnik.de\/wp-content\/uploads\/2025\/03\/DSCF1538_web-18x12.jpg 18w\" sizes=\"(max-width: 1024px) 100vw, 1024px\" \/><\/figure>\n\n\n\n<figure class=\"wp-block-image size-large\"><img loading=\"lazy\" decoding=\"async\" width=\"1024\" height=\"683\" data-id=\"2416\" src=\"https:\/\/maderas-holztechnik.de\/wp-content\/uploads\/2025\/03\/DSCF1348_web-1024x683.jpg\" alt=\"\" class=\"wp-image-2416\" srcset=\"https:\/\/maderas-holztechnik.de\/wp-content\/uploads\/2025\/03\/DSCF1348_web-1024x683.jpg 1024w, https:\/\/maderas-holztechnik.de\/wp-content\/uploads\/2025\/03\/DSCF1348_web-300x200.jpg 300w, https:\/\/maderas-holztechnik.de\/wp-content\/uploads\/2025\/03\/DSCF1348_web-768x512.jpg 768w, https:\/\/maderas-holztechnik.de\/wp-content\/uploads\/2025\/03\/DSCF1348_web-1536x1024.jpg 1536w, https:\/\/maderas-holztechnik.de\/wp-content\/uploads\/2025\/03\/DSCF1348_web-2048x1365.jpg 2048w, https:\/\/maderas-holztechnik.de\/wp-content\/uploads\/2025\/03\/DSCF1348_web-18x12.jpg 18w\" sizes=\"(max-width: 1024px) 100vw, 1024px\" \/><\/figure>\n<\/figure>","protected":false},"excerpt":{"rendered":"<p>Maderas Holztechnik steht seit jeher f\u00fcr h\u00f6chste Qualit\u00e4t und Pr\u00e4zision in der Massivholzbearbeitung. Nun gehen wir den n\u00e4chsten Schritt und erweitern unser Leistungsportfolio um die Furnierbearbeitung \u2013 eine perfekte Erg\u00e4nzung zu unserem bisherigen Angebot. Dank einer strategischen Partnerschaft mit einem Spezialisten, der auf \u00fcber 100 Jahre Erfahrung in der Furnierverarbeitung zur\u00fcckblickt und bereits in der [&hellip;]<\/p>\n","protected":false},"author":1,"featured_media":2419,"comment_status":"closed","ping_status":"","sticky":false,"template":"","format":"standard","meta":{"_acf_changed":false,"footnotes":""},"categories":[1],"tags":[],"class_list":["post-2410","post","type-post","status-publish","format-standard","has-post-thumbnail","hentry","category-aktuelles"],"acf":[],"_links":{"self":[{"href":"https:\/\/maderas-holztechnik.de\/en\/wp-json\/wp\/v2\/posts\/2410","targetHints":{"allow":["GET"]}}],"collection":[{"href":"https:\/\/maderas-holztechnik.de\/en\/wp-json\/wp\/v2\/posts"}],"about":[{"href":"https:\/\/maderas-holztechnik.de\/en\/wp-json\/wp\/v2\/types\/post"}],"author":[{"embeddable":true,"href":"https:\/\/maderas-holztechnik.de\/en\/wp-json\/wp\/v2\/users\/1"}],"replies":[{"embeddable":true,"href":"https:\/\/maderas-holztechnik.de\/en\/wp-json\/wp\/v2\/comments?post=2410"}],"version-history":[{"count":4,"href":"https:\/\/maderas-holztechnik.de\/en\/wp-json\/wp\/v2\/posts\/2410\/revisions"}],"predecessor-version":[{"id":2430,"href":"https:\/\/maderas-holztechnik.de\/en\/wp-json\/wp\/v2\/posts\/2410\/revisions\/2430"}],"wp:featuredmedia":[{"embeddable":true,"href":"https:\/\/maderas-holztechnik.de\/en\/wp-json\/wp\/v2\/media\/2419"}],"wp:attachment":[{"href":"https:\/\/maderas-holztechnik.de\/en\/wp-json\/wp\/v2\/media?parent=2410"}],"wp:term":[{"taxonomy":"category","embeddable":true,"href":"https:\/\/maderas-holztechnik.de\/en\/wp-json\/wp\/v2\/categories?post=2410"},{"taxonomy":"post_tag","embeddable":true,"href":"https:\/\/maderas-holztechnik.de\/en\/wp-json\/wp\/v2\/tags?post=2410"}],"curies":[{"name":"wp","href":"https:\/\/api.w.org\/{rel}","templated":true}]}}