{"id":546,"date":"2016-01-09T14:43:27","date_gmt":"2016-01-09T13:43:27","guid":{"rendered":"https:\/\/maderas-holztechnik.de\/?p=546"},"modified":"2023-01-09T14:43:49","modified_gmt":"2023-01-09T13:43:49","slug":"presseartikel-umweltbewusst-geoelt","status":"publish","type":"post","link":"https:\/\/maderas-holztechnik.de\/en\/aktuelles\/presseartikel-umweltbewusst-geoelt\/","title":{"rendered":"Presseartikel &#8222;UMWELTBEWUSST GE\u00d6LT&#8220;"},"content":{"rendered":"<p>In February 2016, German woodworking trade publication Der Deutsche Schreiner (DDS) reported on our surface treatment of supplied components using easy-to-use and quick-drying oil.<\/p>\n\n\n\n<p>Click here to download our article (in German).<\/p>\n\n\n\n<div class=\"wp-block-file\"><a id=\"wp-block-file--media-4e8cba14-4595-4c1e-93db-98f5b5346f8b\" href=\"https:\/\/maderas-holztechnik.de\/wp-content\/uploads\/2023\/01\/2016-maderas-umweltbewusst-geoelt.pdf\">\u201cEco-friendly oil treatment\u201d press article from the trade journal Der Deutsche Schreiner<\/a><a href=\"https:\/\/maderas-holztechnik.de\/wp-content\/uploads\/2023\/01\/2016-maderas-umweltbewusst-geoelt.pdf\" class=\"wp-block-file__button wp-element-button\" download aria-describedby=\"wp-block-file--media-4e8cba14-4595-4c1e-93db-98f5b5346f8b\">Download<\/a><\/div>","protected":false},"excerpt":{"rendered":"<p>Die Fachzeitschrift \u201eDer deutsche Schreiner\u201c (DDS) berichtet im Februar 2016 \u00fcber unsere Oberfl\u00e4chenfl\u00e4chenbehandlung von Zulieferteilen mit einfach zu verarbeitendem und schnell trocknendem \u00d6l. Unseren Artikel zum Download erhalten Sie hier.<\/p>","protected":false},"author":1,"featured_media":0,"comment_status":"closed","ping_status":"closed","sticky":false,"template":"","format":"standard","meta":{"_acf_changed":false,"footnotes":""},"categories":[1],"tags":[],"class_list":["post-546","post","type-post","status-publish","format-standard","hentry","category-aktuelles"],"acf":[],"_links":{"self":[{"href":"https:\/\/maderas-holztechnik.de\/en\/wp-json\/wp\/v2\/posts\/546","targetHints":{"allow":["GET"]}}],"collection":[{"href":"https:\/\/maderas-holztechnik.de\/en\/wp-json\/wp\/v2\/posts"}],"about":[{"href":"https:\/\/maderas-holztechnik.de\/en\/wp-json\/wp\/v2\/types\/post"}],"author":[{"embeddable":true,"href":"https:\/\/maderas-holztechnik.de\/en\/wp-json\/wp\/v2\/users\/1"}],"replies":[{"embeddable":true,"href":"https:\/\/maderas-holztechnik.de\/en\/wp-json\/wp\/v2\/comments?post=546"}],"version-history":[{"count":0,"href":"https:\/\/maderas-holztechnik.de\/en\/wp-json\/wp\/v2\/posts\/546\/revisions"}],"wp:attachment":[{"href":"https:\/\/maderas-holztechnik.de\/en\/wp-json\/wp\/v2\/media?parent=546"}],"wp:term":[{"taxonomy":"category","embeddable":true,"href":"https:\/\/maderas-holztechnik.de\/en\/wp-json\/wp\/v2\/categories?post=546"},{"taxonomy":"post_tag","embeddable":true,"href":"https:\/\/maderas-holztechnik.de\/en\/wp-json\/wp\/v2\/tags?post=546"}],"curies":[{"name":"wp","href":"https:\/\/api.w.org\/{rel}","templated":true}]}}