{"id":563,"date":"2019-09-09T14:50:00","date_gmt":"2019-09-09T12:50:00","guid":{"rendered":"https:\/\/maderas-holztechnik.de\/?p=563"},"modified":"2023-01-09T14:51:15","modified_gmt":"2023-01-09T13:51:15","slug":"unternehmen-aus-dem-kreis-hoexter-machen-beim-projekt-oekoprofit-mit","status":"publish","type":"post","link":"https:\/\/maderas-holztechnik.de\/en\/aktuelles\/unternehmen-aus-dem-kreis-hoexter-machen-beim-projekt-oekoprofit-mit\/","title":{"rendered":"Companies from the H\u00f6xter district take part in the ECOPROFIT project"},"content":{"rendered":"<p>Reduce costs and protect the environment at the same time\u2014that\u2019s the aim of the ECOPROFIT project, which is running for the second time in the district of H\u00f6xter, North Rhine-Westphalia. Representatives of the participating companies met with District Director Klaus Schumacher at the district administration building in H\u00f6xter for the official launch.<\/p>\n\n\n\n<p><a href=\"https:\/\/www.westfalen-blatt.de\/owl\/kreis-hoexter\/warburg\/umweltschutz-spart-kosten-1192860\" data-type=\"URL\" data-id=\"https:\/\/www.westfalen-blatt.de\/owl\/kreis-hoexter\/warburg\/umweltschutz-spart-kosten-1192860\" target=\"_blank\" rel=\"noreferrer noopener\">Read the article in full here.<\/a><\/p>","protected":false},"excerpt":{"rendered":"<p>Kosten senken und gleichzeitig die Umwelt schonen \u2013 So lautet das Ziel des Projektes \u00d6KOPROFIT, das zum zweiten Mal im Kreis H\u00f6xter durchgef\u00fchrt wird. Gemeinsam mit Kreisdirektor Klaus Schumacher trafen sich Vertreterinnen und Vertreter der teilnehmenden Unternehmen im Kreishaus in H\u00f6xter zum offiziellen Auftakt. Lesen Sie hier den ganzen Artikel.<\/p>","protected":false},"author":1,"featured_media":0,"comment_status":"closed","ping_status":"","sticky":false,"template":"","format":"standard","meta":{"_acf_changed":false,"footnotes":""},"categories":[1],"tags":[],"class_list":["post-563","post","type-post","status-publish","format-standard","hentry","category-aktuelles"],"acf":[],"_links":{"self":[{"href":"https:\/\/maderas-holztechnik.de\/en\/wp-json\/wp\/v2\/posts\/563","targetHints":{"allow":["GET"]}}],"collection":[{"href":"https:\/\/maderas-holztechnik.de\/en\/wp-json\/wp\/v2\/posts"}],"about":[{"href":"https:\/\/maderas-holztechnik.de\/en\/wp-json\/wp\/v2\/types\/post"}],"author":[{"embeddable":true,"href":"https:\/\/maderas-holztechnik.de\/en\/wp-json\/wp\/v2\/users\/1"}],"replies":[{"embeddable":true,"href":"https:\/\/maderas-holztechnik.de\/en\/wp-json\/wp\/v2\/comments?post=563"}],"version-history":[{"count":0,"href":"https:\/\/maderas-holztechnik.de\/en\/wp-json\/wp\/v2\/posts\/563\/revisions"}],"wp:attachment":[{"href":"https:\/\/maderas-holztechnik.de\/en\/wp-json\/wp\/v2\/media?parent=563"}],"wp:term":[{"taxonomy":"category","embeddable":true,"href":"https:\/\/maderas-holztechnik.de\/en\/wp-json\/wp\/v2\/categories?post=563"},{"taxonomy":"post_tag","embeddable":true,"href":"https:\/\/maderas-holztechnik.de\/en\/wp-json\/wp\/v2\/tags?post=563"}],"curies":[{"name":"wp","href":"https:\/\/api.w.org\/{rel}","templated":true}]}}